{"id":4392,"date":"2023-03-08T16:26:43","date_gmt":"2023-03-08T16:26:43","guid":{"rendered":"https:\/\/aitanainvestigacion.umh.es\/?p=4392"},"modified":"2023-03-08T16:26:43","modified_gmt":"2023-03-08T16:26:43","slug":"award-for-the-best-scientific-communication-at-the-ii-international-meeting-on-prevention-intervention-and-postvention-of-suicidal-behavior","status":"publish","type":"post","link":"https:\/\/aitanainvestigacion.umh.es\/en\/2023\/03\/08\/award-for-the-best-scientific-communication-at-the-ii-international-meeting-on-prevention-intervention-and-postvention-of-suicidal-behavior\/","title":{"rendered":"Award for the best scientific communication at the II International Meeting on Prevention, Intervention and Postvention of Suicidal Behavior."},"content":{"rendered":"<p style=\"text-align: justify\">Raquel Falc\u00f3, predoctoral researcher in the AITANA Group, has received the award for the best scientific communication for her work entitled &#8220;Psychosocial Strengths for Adolescent Suicide Prevention: Universal, selective or indicated? Dissecting the Covitality Model&#8221;. The purpose of this study was to determine which self-perceived psychosocial strengths, described from the covitality model, combat the adolescent suicide spectrum from a differential preventive perspective: preventing its appearance vs. reducing its manifestation. The authors of this work (Raquel Falc\u00f3, Samuel Falc\u00f3n, Jos\u00e9 A. Piqueras, Victoria Soto-Sanz and Juan C. Marzo) will participate in the elaboration of a book chapter on this problem.<\/p>\n<p>&nbsp;<\/p>\n","protected":false},"excerpt":{"rendered":"<p>Raquel Falc\u00f3, predoctoral researcher in the AITANA Group, has received the award for the best scientific communication for her work entitled &#8220;Psychosocial Strengths for Adolescent Suicide Prevention: Universal, selective or indicated? Dissecting the Covitality Model&#8221;. The purpose of this study was to determine which self-perceived psychosocial strengths, described from the covitality model, combat the adolescent [&hellip;]<\/p>\n","protected":false},"author":23407,"featured_media":4389,"comment_status":"open","ping_status":"open","sticky":false,"template":"","format":"standard","meta":{"_et_pb_use_builder":"","_et_pb_old_content":"","_et_gb_content_width":"","_links_to":"","_links_to_target":""},"categories":[975843],"tags":[],"_links":{"self":[{"href":"https:\/\/aitanainvestigacion.umh.es\/en\/wp-json\/wp\/v2\/posts\/4392"}],"collection":[{"href":"https:\/\/aitanainvestigacion.umh.es\/en\/wp-json\/wp\/v2\/posts"}],"about":[{"href":"https:\/\/aitanainvestigacion.umh.es\/en\/wp-json\/wp\/v2\/types\/post"}],"author":[{"embeddable":true,"href":"https:\/\/aitanainvestigacion.umh.es\/en\/wp-json\/wp\/v2\/users\/23407"}],"replies":[{"embeddable":true,"href":"https:\/\/aitanainvestigacion.umh.es\/en\/wp-json\/wp\/v2\/comments?post=4392"}],"version-history":[{"count":0,"href":"https:\/\/aitanainvestigacion.umh.es\/en\/wp-json\/wp\/v2\/posts\/4392\/revisions"}],"wp:featuredmedia":[{"embeddable":true,"href":"https:\/\/aitanainvestigacion.umh.es\/en\/wp-json\/wp\/v2\/media\/4389"}],"wp:attachment":[{"href":"https:\/\/aitanainvestigacion.umh.es\/en\/wp-json\/wp\/v2\/media?parent=4392"}],"wp:term":[{"taxonomy":"category","embeddable":true,"href":"https:\/\/aitanainvestigacion.umh.es\/en\/wp-json\/wp\/v2\/categories?post=4392"},{"taxonomy":"post_tag","embeddable":true,"href":"https:\/\/aitanainvestigacion.umh.es\/en\/wp-json\/wp\/v2\/tags?post=4392"}],"curies":[{"name":"wp","href":"https:\/\/api.w.org\/{rel}","templated":true}]}}